{"id":5149,"date":"2012-11-09T15:35:42","date_gmt":"2012-11-09T14:35:42","guid":{"rendered":"http:\/\/www.perdiendo.org\/museodemetralla\/?p=5149"},"modified":"2012-11-09T15:35:42","modified_gmt":"2012-11-09T14:35:42","slug":"las-palabras-y-sus-sufijos-el-plural-y-los-articulos","status":"publish","type":"post","link":"https:\/\/perdiendo.org\/museodemetralla\/?p=5149","title":{"rendered":"las palabras y sus sufijos, el plural y los art\u00edculos"},"content":{"rendered":"<p>\t\t\t\tEl esperanto es una lengua con una teor\u00eda muy sencilla. La raiz de las palabras toma diferentes sufijos seg\u00fan cual sea su funci\u00f3n en la oraci\u00f3n, as\u00ed:<\/p>\n<p>-o es un sustantivo<br \/>\n-a es un adjetivo<br \/>\n-i es el infinitivo de un verbo<br \/>\n-as indica un verbo en tiempo presente.<br \/>\n-is indica un verbo en tiempo pasado.<br \/>\n-os indica un verbo en tiempo futuro.<br \/>\n-on es el n\u00facleo de un complemento directo<br \/>\n-an es el adjetivo del n\u00facleo del complemento directo.<\/p>\n<p>Os recuerdo que en el esperanto no hay excepci\u00f3nes, as\u00ed que TODOS los sustantivos terminan en -o, e igual para las dem\u00e1s terminaciones.<\/p>\n<p>Tomemos una palabra para hacer un trabalenguas. Varmo significa calor como sustantivo, hagamos una frase:<\/p>\n<p>Varma varmo varmas varman varmon.<\/p>\n<p>Lo que significa: el caliente calor calienta al caliente calor. Ahora vamos a diferenciarlo para que no sea un l\u00edo, sabiendo que kafo es caf\u00e9, patro es padre y malvarmo fr\u00edo.<\/p>\n<p>La varma kafo varmas malvarman patron.<\/p>\n<p>Varma: la terminaci\u00f3n en -a nos indica que es un adjetivo: caliente.<br \/>\nKafo: la terminaci\u00f3n en -o nos indica que es un sustantivo: caf\u00e9.<br \/>\nVarmas: la terminaci\u00f3n en -as nos indica que est\u00e1 en presente: calienta.<br \/>\nMalvarman: la terminaci\u00f3n en -a nos indica que es un adjetivo, y en -n que es parte del complemento directo: enfriado.<br \/>\nPatron: la terminaci\u00f3n en -o nos indica que es un sustantivo, y en -n que es parte del complemento directo: al padre.<\/p>\n<p>Con todo esto, el significado de la frase ser\u00eda<\/p>\n<p>El caf\u00e9 caliente calienta al padre enfriado.<br \/>\nel plural<\/p>\n<p>El plural se forma a\u00f1adiendo a la palabra \u201cj\u201d (que suena \u201ci\u201d). En este caso, si quisi\u00e9ramos decir que el caf\u00e9 caliente calienta a los padres enfriados ser\u00eda:<\/p>\n<p>La varma kafo varmas malvarmajn patrojn.<br \/>\nart\u00edculos<\/p>\n<p>\u201cLa\u201d es el \u00fanico art\u00edculo en esperanto para los definidos el, la, los, las. Espero verlo m\u00e1s adelante, pero en realidad no hay mucho m\u00e1s que contar. En cuanto a los indefinidos un, una, unos, unas s\u00ed que son realmente f\u00e1ciles, lo \u00fanico que hay que hacer es no poner nada antes del nombre. \u201cLa pomo\u201d es la manzana y \u201cPomo\u201d es una manzana.\t\t<\/p>\n","protected":false},"excerpt":{"rendered":"<p>El esperanto es una lengua con una teor\u00eda muy sencilla. La raiz de las palabras toma diferentes sufijos seg\u00fan cual sea su funci\u00f3n en la oraci\u00f3n, as\u00ed: -o es un sustantivo -a es un adjetivo -i es el infinitivo de un verbo -as indica un verbo en tiempo presente. -is indica un verbo en tiempo [&hellip;]<\/p>\n","protected":false},"author":1,"featured_media":0,"comment_status":"open","ping_status":"open","sticky":false,"template":"","format":"standard","meta":{"footnotes":""},"categories":[40],"tags":[],"class_list":["post-5149","post","type-post","status-publish","format-standard","hentry","category-esperanto"],"_links":{"self":[{"href":"https:\/\/perdiendo.org\/museodemetralla\/index.php?rest_route=\/wp\/v2\/posts\/5149","targetHints":{"allow":["GET"]}}],"collection":[{"href":"https:\/\/perdiendo.org\/museodemetralla\/index.php?rest_route=\/wp\/v2\/posts"}],"about":[{"href":"https:\/\/perdiendo.org\/museodemetralla\/index.php?rest_route=\/wp\/v2\/types\/post"}],"author":[{"embeddable":true,"href":"https:\/\/perdiendo.org\/museodemetralla\/index.php?rest_route=\/wp\/v2\/users\/1"}],"replies":[{"embeddable":true,"href":"https:\/\/perdiendo.org\/museodemetralla\/index.php?rest_route=%2Fwp%2Fv2%2Fcomments&post=5149"}],"version-history":[{"count":0,"href":"https:\/\/perdiendo.org\/museodemetralla\/index.php?rest_route=\/wp\/v2\/posts\/5149\/revisions"}],"wp:attachment":[{"href":"https:\/\/perdiendo.org\/museodemetralla\/index.php?rest_route=%2Fwp%2Fv2%2Fmedia&parent=5149"}],"wp:term":[{"taxonomy":"category","embeddable":true,"href":"https:\/\/perdiendo.org\/museodemetralla\/index.php?rest_route=%2Fwp%2Fv2%2Fcategories&post=5149"},{"taxonomy":"post_tag","embeddable":true,"href":"https:\/\/perdiendo.org\/museodemetralla\/index.php?rest_route=%2Fwp%2Fv2%2Ftags&post=5149"}],"curies":[{"name":"wp","href":"https:\/\/api.w.org\/{rel}","templated":true}]}}