{"id":2040,"date":"2008-06-27T19:46:05","date_gmt":"2008-06-27T17:46:05","guid":{"rendered":"http:\/\/www.perdiendo.org\/versos\/?p=100"},"modified":"2008-06-27T19:46:05","modified_gmt":"2008-06-27T17:46:05","slug":"recuerdos","status":"publish","type":"post","link":"https:\/\/perdiendo.org\/museodemetralla\/?p=2040","title":{"rendered":"Recuerdos"},"content":{"rendered":"<p>\t\t\t\tNo me f\u00edo. Te juro<br \/>\nque ya no intento creer<br \/>\nlo que en mi cabeza habla,<br \/>\nlo que me dice. No intento<br \/>\nni siquiera imaginar lo<br \/>\nque se calla.<\/p>\n<p>Cuando vuelvo atr\u00e1s<br \/>\ntengo la sensaci\u00f3n de no<br \/>\nhaber regresado, de recorrer<br \/>\nun sitio distinto, de estar<br \/>\nall\u00ed donde jam\u00e1s estuve,<br \/>\nde hollar con pies m\u00e1s viejos<br \/>\nnuevas tierras pretenciosamente<br \/>\nconocidas. Tendenciosamente.<\/p>\n<p>Barrunto que soy presa<br \/>\nde m\u00ed mismo y, para eso,<br \/>\nno encuentro depredador<br \/>\nm\u00e1s terrible, concienzudo,<br \/>\ntenaz, insobornable.<\/p>\n<p>As\u00ed que, cuando vivo<br \/>\nen un universo sin pasado,<br \/>\ntengo mis dudas sobre estar<br \/>\nolvid\u00e1ndome de algo.\t\t<\/p>\n","protected":false},"excerpt":{"rendered":"<p>No me f\u00edo. Te juro que ya no intento creer lo que en mi cabeza habla, lo que me dice. No intento ni siquiera imaginar lo que se calla. Cuando vuelvo atr\u00e1s tengo la sensaci\u00f3n de no haber regresado, de recorrer un sitio distinto, de estar all\u00ed donde jam\u00e1s estuve, de hollar con pies m\u00e1s [&hellip;]<\/p>\n","protected":false},"author":1,"featured_media":0,"comment_status":"open","ping_status":"open","sticky":false,"template":"","format":"standard","meta":{"footnotes":""},"categories":[24],"tags":[],"class_list":["post-2040","post","type-post","status-publish","format-standard","hentry","category-epilogo"],"_links":{"self":[{"href":"https:\/\/perdiendo.org\/museodemetralla\/index.php?rest_route=\/wp\/v2\/posts\/2040","targetHints":{"allow":["GET"]}}],"collection":[{"href":"https:\/\/perdiendo.org\/museodemetralla\/index.php?rest_route=\/wp\/v2\/posts"}],"about":[{"href":"https:\/\/perdiendo.org\/museodemetralla\/index.php?rest_route=\/wp\/v2\/types\/post"}],"author":[{"embeddable":true,"href":"https:\/\/perdiendo.org\/museodemetralla\/index.php?rest_route=\/wp\/v2\/users\/1"}],"replies":[{"embeddable":true,"href":"https:\/\/perdiendo.org\/museodemetralla\/index.php?rest_route=%2Fwp%2Fv2%2Fcomments&post=2040"}],"version-history":[{"count":0,"href":"https:\/\/perdiendo.org\/museodemetralla\/index.php?rest_route=\/wp\/v2\/posts\/2040\/revisions"}],"wp:attachment":[{"href":"https:\/\/perdiendo.org\/museodemetralla\/index.php?rest_route=%2Fwp%2Fv2%2Fmedia&parent=2040"}],"wp:term":[{"taxonomy":"category","embeddable":true,"href":"https:\/\/perdiendo.org\/museodemetralla\/index.php?rest_route=%2Fwp%2Fv2%2Fcategories&post=2040"},{"taxonomy":"post_tag","embeddable":true,"href":"https:\/\/perdiendo.org\/museodemetralla\/index.php?rest_route=%2Fwp%2Fv2%2Ftags&post=2040"}],"curies":[{"name":"wp","href":"https:\/\/api.w.org\/{rel}","templated":true}]}}