{"id":1538,"date":"2009-03-08T00:40:17","date_gmt":"2009-03-07T22:40:17","guid":{"rendered":"http:\/\/www.perdiendo.org\/museodemetralla\/?p=1538"},"modified":"2009-03-08T00:40:17","modified_gmt":"2009-03-07T22:40:17","slug":"el-hecho-de-recordar","status":"publish","type":"post","link":"https:\/\/perdiendo.org\/museodemetralla\/?p=1538","title":{"rendered":"el hecho de recordar"},"content":{"rendered":"<p>\t\t\t\tHe estado en muchos sitios y me he preguntado muchas cosas. No ten\u00eda demasiado en la maleta, lo justo para ir tirando. Para no preguntarme demasiado. Para no requerirme demasiado.<\/p>\n<p>Al final me qued\u00e9 en casa, enmarcado en lo m\u00edo. \u00daltimamente, como soy m\u00e1s feliz, me da por recordar.<\/p>\n<p>No nos enga\u00f1emos, uno s\u00f3lo recuerda cuando est\u00e1 jodido (para encontrar buenos momentos que justifiquen) o cuando est\u00e1 de puta madre (porque entonces no hay mal que afecte), en las dem\u00e1s ocasiones nadie recuerda.<\/p>\n<p>No tiene sentido hacerlo. El recuerdo, sea bueno o malo, no es algo que se d\u00e9. Es algo que ya fue. O vuelvo a \u00e9l para justificarme o para regodearme.<\/p>\n<p>El resto del tiempo no vuelvo.<\/p>\n<p>El resto del tiempo bastante tengo con estar vivo.<\/p>\n<p>Recuerdo, y construyo un mundo con chinchetas.<\/p>\n<p>Por hoy est\u00e1 bien.<\/p>\n<p>Nada me espera fuera.<\/p>\n<p>Pero todo est\u00e1 dentro.<\/p>\n<p>Voy a por la guitarra.<\/p>\n<p>Voy a por ella.\t\t<\/p>\n","protected":false},"excerpt":{"rendered":"<p>He estado en muchos sitios y me he preguntado muchas cosas. No ten\u00eda demasiado en la maleta, lo justo para ir tirando. Para no preguntarme demasiado. Para no requerirme demasiado. Al final me qued\u00e9 en casa, enmarcado en lo m\u00edo. \u00daltimamente, como soy m\u00e1s feliz, me da por recordar. No nos enga\u00f1emos, uno s\u00f3lo recuerda [&hellip;]<\/p>\n","protected":false},"author":1,"featured_media":0,"comment_status":"open","ping_status":"open","sticky":false,"template":"","format":"standard","meta":{"footnotes":""},"categories":[3],"tags":[],"class_list":["post-1538","post","type-post","status-publish","format-standard","hentry","category-perdiendo"],"_links":{"self":[{"href":"https:\/\/perdiendo.org\/museodemetralla\/index.php?rest_route=\/wp\/v2\/posts\/1538","targetHints":{"allow":["GET"]}}],"collection":[{"href":"https:\/\/perdiendo.org\/museodemetralla\/index.php?rest_route=\/wp\/v2\/posts"}],"about":[{"href":"https:\/\/perdiendo.org\/museodemetralla\/index.php?rest_route=\/wp\/v2\/types\/post"}],"author":[{"embeddable":true,"href":"https:\/\/perdiendo.org\/museodemetralla\/index.php?rest_route=\/wp\/v2\/users\/1"}],"replies":[{"embeddable":true,"href":"https:\/\/perdiendo.org\/museodemetralla\/index.php?rest_route=%2Fwp%2Fv2%2Fcomments&post=1538"}],"version-history":[{"count":0,"href":"https:\/\/perdiendo.org\/museodemetralla\/index.php?rest_route=\/wp\/v2\/posts\/1538\/revisions"}],"wp:attachment":[{"href":"https:\/\/perdiendo.org\/museodemetralla\/index.php?rest_route=%2Fwp%2Fv2%2Fmedia&parent=1538"}],"wp:term":[{"taxonomy":"category","embeddable":true,"href":"https:\/\/perdiendo.org\/museodemetralla\/index.php?rest_route=%2Fwp%2Fv2%2Fcategories&post=1538"},{"taxonomy":"post_tag","embeddable":true,"href":"https:\/\/perdiendo.org\/museodemetralla\/index.php?rest_route=%2Fwp%2Fv2%2Ftags&post=1538"}],"curies":[{"name":"wp","href":"https:\/\/api.w.org\/{rel}","templated":true}]}}