{"id":1251,"date":"2006-09-11T00:05:41","date_gmt":"2006-09-10T22:05:41","guid":{"rendered":"http:\/\/www.perdiendo.org\/museodemetralla\/?p=1251"},"modified":"2006-09-11T00:05:41","modified_gmt":"2006-09-10T22:05:41","slug":"1251","status":"publish","type":"post","link":"https:\/\/perdiendo.org\/museodemetralla\/?p=1251","title":{"rendered":"poemas rescatados"},"content":{"rendered":"<p><img decoding=\"async\" src=\"wp-content\/imagenes\/Pic01872.jpg\" width=\"100%\" alt=\"poemas rescatados\" \/><\/p>\n<p>A.<br \/>\nTienes miedo. Crees que<br \/>\nsobras. Piensas que por l\u00e1stima<br \/>\n&#8212;o algo as\u00ed&#8212;<br \/>\nsigo compartiendo Madrid<br \/>\ncontigo.<\/p>\n<p>Yo te escucho decir esto<br \/>\ny miro impotente tus peque\u00f1os<br \/>\nojos h\u00famedos.<\/p>\n<p>Impotente te escucho. Sin palabras.<br \/>\nS\u00f3lo besos y abrazos que tiendo hacia ti<br \/>\nintentando que comprendas. Termino la<br \/>\ncerveza. A\u00fan no s\u00e9 decirte.<\/p>\n<p>B.<br \/>\nQuiero que comprendas. Afuera la prisa. Aqu\u00ed<br \/>\ndentro la cafeter\u00eda y<\/p>\n<p>estamos sentados. Alrededor las mesas y<br \/>\naqu\u00ed mismo La Mesa. Quiero y<\/p>\n<p>me empe\u00f1o. Caigo rendido y t\u00fa est\u00e1s<br \/>\na doscientos kil\u00f3metros de m\u00ed, no puedes y<\/p>\n<p>te esfuerzas y no entiendes. No podr\u00eda<br \/>\ndecirte, ojal\u00e1 pudiera se\u00f1alar con el dedo y<\/p>\n<p>mostrarte lo evidente. Lo que con palabras<br \/>\nno puedo. Y afuera T\u00fa, Yo, y<\/p>\n<p>adentro un hueco donde a\u00fan un dulce perfume<br \/>\nrecuerda nuestra estancia, aqu\u00ed,<\/p>\n<p>dentro.<\/p>\n<p>FINAL DEL REINO, O ALGO.<br \/>\n1.<br \/>\nTengo los huesos empapados<br \/>\nde esta fr\u00eda y constante lluvia<br \/>\ny, mientras los coches rebuznan<br \/>\nsu inmarcesible canto asf\u00e1ltico,<br \/>\npaseo las calles que me eluden<br \/>\nforjando un vac\u00edo en derredor m\u00edo.<\/p>\n<p>Yo soy un punto de nada<br \/>\nen la vida que ub\u00edcuamente<br \/>\nme rodea, un caparaz\u00f3n sin<br \/>\ncarne que mira, sonr\u00ede,<br \/>\nenciende un cigarro y<br \/>\nsigue andando.<\/p>\n<p>Tengo todos los a\u00f1os en mi<br \/>\ncabeza, como gotas de esta\u00f1o<br \/>\nrefulgen en mi memoria, hacen<br \/>\nsonar campanas de variopintas<br \/>\nmelod\u00edas, de distintos chismes<br \/>\ny calendarios acordonando con<br \/>\nsutil hilo los compartimentos estancos<br \/>\nde mi pasado.<\/p>\n<p>Tengo los huesos empapados, lentamente<br \/>\ncontrolo con eficacia mis pasos,<br \/>\nlate en m\u00ed la huida maldita<br \/>\nque me ocupa desde que<br \/>\nno<br \/>\nest\u00e1s<br \/>\na mi lado.<\/p>\n<p>Un vano en movimiento,<br \/>\nencendiendo fr\u00e1giles corrientes<br \/>\nque yo solo percibo en este vergel<br \/>\nde d\u00edas y luchas y muertes<br \/>\nest\u00fapidas, est\u00fapidas&#8230;<\/p>\n<p>Sobre la puerta acrisolada<br \/>\nun letrero reza &#8220;entra&#8221;, acepto<br \/>\nel reto y hago girar el<br \/>\npomo de la cerveza.<\/p>\n<p>2.<br \/>\nAsesino la calma con voz<br \/>\nturbia y pido: la<br \/>\nmism\u00edsima vida en una jarra.<br \/>\nOigo gotear mis pensamientos en<br \/>\nlas cuencas calc\u00e1reas de mi cerebro,<br \/>\nnacen de un brillo, se arrastran<br \/>\npor tonter\u00edas de cemento, su matriz<br \/>\nprometida, ven la luz<br \/>\ny<br \/>\ncaen<br \/>\nal<br \/>\nfondo,<br \/>\ndonde s\u00f3lo es real el olvido.<\/p>\n<p>No podr\u00eda ser de otro modo. No<br \/>\nsaben que, de alguna forma, a\u00fan les<br \/>\ngobierno lo suficiente como para<br \/>\nno dejarme reparar en ellos. No<br \/>\ntienen ni idea, est\u00e1n equivocados,<br \/>\nven al fondo el resplandor y<br \/>\nnacen a un abismo que los absorbe<br \/>\ny desposee de cualquier rastro de<br \/>\nexistencia.<\/p>\n<p>Ellos son peligrosos. yo estoy aqu\u00ed<br \/>\ny huelo su corazoncito blando<br \/>\ne indefenso, su punto d\u00e9bil<br \/>\ny neblinoso. Ellos son el peligro,<br \/>\nyo corro, les destruyo mientras<br \/>\navanzo.<\/p>\n<p>Sorbo vida amarilla y nacarada,<br \/>\nde la jarra. Ahora es perfecto. Apago<br \/>\nel cigarro en el cenicero. Observo.<br \/>\nSomos grises y giramos. Me concreto en un rostro, le abrazo,<br \/>\nme acuesto en sus labios<br \/>\ny me voy desposeyendo. Empiezo<br \/>\na conseguir sonar a hueco. Hier\u00e1ticamente<br \/>\nle convenzo de mi car\u00e1cter fant\u00e1stico.<br \/>\nEs sencillo el resto. Demasiadas<br \/>\ns\u00e1banas, demasiados besos fingidos,<br \/>\ndemasiado tabaco. Estoy<br \/>\nhuyendo.<\/p>\n","protected":false},"excerpt":{"rendered":"<p>A. Tienes miedo. Crees que sobras. Piensas que por l\u00e1stima &#8212;o algo as\u00ed&#8212; sigo compartiendo Madrid contigo. Yo te escucho decir esto y miro impotente tus peque\u00f1os ojos h\u00famedos. Impotente te escucho. Sin palabras. S\u00f3lo besos y abrazos que tiendo hacia ti intentando que comprendas. Termino la cerveza. A\u00fan no s\u00e9 decirte. B. Quiero que [&hellip;]<\/p>\n","protected":false},"author":1,"featured_media":0,"comment_status":"open","ping_status":"open","sticky":false,"template":"","format":"standard","meta":{"footnotes":""},"categories":[6],"tags":[],"class_list":["post-1251","post","type-post","status-publish","format-standard","hentry","category-poemas"],"_links":{"self":[{"href":"https:\/\/perdiendo.org\/museodemetralla\/index.php?rest_route=\/wp\/v2\/posts\/1251","targetHints":{"allow":["GET"]}}],"collection":[{"href":"https:\/\/perdiendo.org\/museodemetralla\/index.php?rest_route=\/wp\/v2\/posts"}],"about":[{"href":"https:\/\/perdiendo.org\/museodemetralla\/index.php?rest_route=\/wp\/v2\/types\/post"}],"author":[{"embeddable":true,"href":"https:\/\/perdiendo.org\/museodemetralla\/index.php?rest_route=\/wp\/v2\/users\/1"}],"replies":[{"embeddable":true,"href":"https:\/\/perdiendo.org\/museodemetralla\/index.php?rest_route=%2Fwp%2Fv2%2Fcomments&post=1251"}],"version-history":[{"count":0,"href":"https:\/\/perdiendo.org\/museodemetralla\/index.php?rest_route=\/wp\/v2\/posts\/1251\/revisions"}],"wp:attachment":[{"href":"https:\/\/perdiendo.org\/museodemetralla\/index.php?rest_route=%2Fwp%2Fv2%2Fmedia&parent=1251"}],"wp:term":[{"taxonomy":"category","embeddable":true,"href":"https:\/\/perdiendo.org\/museodemetralla\/index.php?rest_route=%2Fwp%2Fv2%2Fcategories&post=1251"},{"taxonomy":"post_tag","embeddable":true,"href":"https:\/\/perdiendo.org\/museodemetralla\/index.php?rest_route=%2Fwp%2Fv2%2Ftags&post=1251"}],"curies":[{"name":"wp","href":"https:\/\/api.w.org\/{rel}","templated":true}]}}