{"id":1246,"date":"2006-08-17T14:41:43","date_gmt":"2006-08-17T12:41:43","guid":{"rendered":"http:\/\/www.perdiendo.org\/museodemetralla\/?p=1246"},"modified":"2006-08-17T14:41:43","modified_gmt":"2006-08-17T12:41:43","slug":"renta-basica-2","status":"publish","type":"post","link":"https:\/\/perdiendo.org\/museodemetralla\/?p=1246","title":{"rendered":"renta b\u00e1sica&#8230;"},"content":{"rendered":"<blockquote>\n<p> Primero fue el Parlamento nacional. Y ahora es la C\u00e1mara Europea. La propuesta para crear una \u00abrenta b\u00e1sica ciudadana\u00bb, lanzada hace ya un a\u00f1o por los entonces s\u00f3lidos socios del presidente Zapatero en el Parlamento (ERC e IU-ICV), avanza paso a paso.<\/p>\n<p>Las proposiciones de ley presentadas por ERC e IU para conseguir que todos los espa\u00f1oles cobren una paga cercana a los 300 euros al mes &#8220;por el mero hecho de ser ciudadanos&#8221; &#8211;como defienden ambos partidos&#8211; se encuentran ya en la agenda de estudio de una subcomisi\u00f3n en el Congreso de los Diputados.<\/p>\n<p>Y ahora, adem\u00e1s, con la aceptaci\u00f3n expresa como propuesta por el Parlamento Europeo. Eso s\u00ed, en el caso de la propuesta impulsada en la UE, el importe de la paga se elevar\u00eda debido a la actualizaci\u00f3n al salario medio europeo, con lo que la paga se elevar\u00eda hasta los 421 euros al mes.<\/p>\n<p><a href=\"http:\/\/www.expansion.com\/edicion\/expansion\/economia_y_politica\/es\/desarrollo\/679950.html\">Art\u00edculo original<\/a> en <a href=\"http:\/\/www.expansion.com\/\">Expansi\u00f3n<\/a>.\n<\/p>\n<\/blockquote>\n","protected":false},"excerpt":{"rendered":"<p>Primero fue el Parlamento nacional. Y ahora es la C\u00e1mara Europea. La propuesta para crear una \u00abrenta b\u00e1sica ciudadana\u00bb, lanzada hace ya un a\u00f1o por los entonces s\u00f3lidos socios del presidente Zapatero en el Parlamento (ERC e IU-ICV), avanza paso a paso. Las proposiciones de ley presentadas por ERC e IU para conseguir que todos [&hellip;]<\/p>\n","protected":false},"author":1,"featured_media":0,"comment_status":"open","ping_status":"open","sticky":false,"template":"","format":"standard","meta":{"footnotes":""},"categories":[10],"tags":[],"class_list":["post-1246","post","type-post","status-publish","format-standard","hentry","category-renta-basica"],"_links":{"self":[{"href":"https:\/\/perdiendo.org\/museodemetralla\/index.php?rest_route=\/wp\/v2\/posts\/1246","targetHints":{"allow":["GET"]}}],"collection":[{"href":"https:\/\/perdiendo.org\/museodemetralla\/index.php?rest_route=\/wp\/v2\/posts"}],"about":[{"href":"https:\/\/perdiendo.org\/museodemetralla\/index.php?rest_route=\/wp\/v2\/types\/post"}],"author":[{"embeddable":true,"href":"https:\/\/perdiendo.org\/museodemetralla\/index.php?rest_route=\/wp\/v2\/users\/1"}],"replies":[{"embeddable":true,"href":"https:\/\/perdiendo.org\/museodemetralla\/index.php?rest_route=%2Fwp%2Fv2%2Fcomments&post=1246"}],"version-history":[{"count":0,"href":"https:\/\/perdiendo.org\/museodemetralla\/index.php?rest_route=\/wp\/v2\/posts\/1246\/revisions"}],"wp:attachment":[{"href":"https:\/\/perdiendo.org\/museodemetralla\/index.php?rest_route=%2Fwp%2Fv2%2Fmedia&parent=1246"}],"wp:term":[{"taxonomy":"category","embeddable":true,"href":"https:\/\/perdiendo.org\/museodemetralla\/index.php?rest_route=%2Fwp%2Fv2%2Fcategories&post=1246"},{"taxonomy":"post_tag","embeddable":true,"href":"https:\/\/perdiendo.org\/museodemetralla\/index.php?rest_route=%2Fwp%2Fv2%2Ftags&post=1246"}],"curies":[{"name":"wp","href":"https:\/\/api.w.org\/{rel}","templated":true}]}}