{"id":1154,"date":"2006-02-14T00:40:32","date_gmt":"2006-02-13T22:40:32","guid":{"rendered":"http:\/\/www.perdiendo.org\/museodemetralla\/?p=1154"},"modified":"2019-03-18T19:49:18","modified_gmt":"2019-03-18T18:49:18","slug":"dentro-de-las-horas-que-aun-nos-quedan-por-estar","status":"publish","type":"post","link":"https:\/\/perdiendo.org\/museodemetralla\/?p=1154","title":{"rendered":"dentro de las horas que a\u00fan nos quedan por estar"},"content":{"rendered":"<p><audio class=\"wp-audio-shortcode\" id=\"audio-1154-1\" preload=\"none\" style=\"width: 100%;\" controls=\"controls\"><source type=\"audio\/mpeg\" src=\"https:\/\/perdiendo.org\/museodemetralla\/wp-content\/uploads\/2017\/11\/porestar.mp3?_=1\" \/><a href=\"https:\/\/perdiendo.org\/museodemetralla\/wp-content\/uploads\/2017\/11\/porestar.mp3\">https:\/\/perdiendo.org\/museodemetralla\/wp-content\/uploads\/2017\/11\/porestar.mp3<\/a><\/audio><br \/>\n<a href=\"wp-content\/uploads\/2017\/11\/porestar.mp3\">|descarga|<\/a><\/p>\n<p>Dej\u00e9 el silencio en tu voz, como las horas que nunca est\u00e1n y no se acaban de ir.<br \/>\nDeje la voz en tu boca, dej\u00e9 mi coraz\u00f3n en tu latir.<\/p>\n<p>Dej\u00e9 las horas sentado en la voz que nunca di, dej\u00e9 mi piel,<br \/>\ndej\u00e9 las horas sentado en las horas que no te di, lo sabes bien.<\/p>\n<p>Cada voz que fui cayendo sin saber,<br \/>\ncada voz que fui cogiendo sin querer.<\/p>\n<p>Dej\u00e9 las horas sentado, cada vez que pienso en ti me sabe mal,<br \/>\ndej\u00e9 mi cola en tu carro, dej\u00e9 mi coraz\u00f3n en tu cerviz.<\/p>\n<p>Como siempre en verano me siento a re\u00edr,<br \/>\ncomo siempre en verano me siento a mentir.<br \/>\nComo siempre en verano me siento a re\u00edr,<br \/>\ncomo siempre en verano me siento a mentir.<\/p>\n<p>Dej\u00e9 mi piel en tu voz, dej\u00e9 que so\u00f1aras en mi coraz\u00f3n.<br \/>\nDej\u00e9 mi piel en tu voz, dej\u00e9 que sonaras en mi coraz\u00f3n.<\/p>\n<p>Dej\u00e9 mi piel en tu voz, dej\u00e9 que sonaras en mi coraz\u00f3n.<br \/>\nDej\u00e9 mi piel en tu voz, dej\u00e9 que sonaras en mi coraz\u00f3n.<\/p>\n<p>Cada vez que me pierdo en no decir.<br \/>\nCada vez que me pierdo en no reir.<br \/>\nCada vez que me pierdo en no decir.<br \/>\nCada vez que me pierdo en no reir.<\/p>\n<p>Dentro del tiempo, dentro del mar,<br \/>\ndentro de las horas que nos quedan por estar.<br \/>\nDentro del tiempo, dentro del mar,<br \/>\ndentro de las horas que a\u00fan nos quedan por estar.<\/p>\n<p><em>Recuperada en 11-2017 tras a\u00f1os perdida.<\/em><\/p>\n","protected":false},"excerpt":{"rendered":"<p>https:\/\/perdiendo.org\/museodemetralla\/wp-content\/uploads\/2017\/11\/porestar.mp3 |descarga| Dej\u00e9 el silencio en tu voz, como las horas que nunca est\u00e1n y no se acaban de ir. Deje la voz en tu boca, dej\u00e9 mi coraz\u00f3n en tu latir. Dej\u00e9 las horas sentado en la voz que nunca di, dej\u00e9 mi piel, dej\u00e9 las horas sentado en las horas que no te [&hellip;]<\/p>\n","protected":false},"author":1,"featured_media":0,"comment_status":"open","ping_status":"open","sticky":false,"template":"","format":"standard","meta":{"footnotes":""},"categories":[9],"tags":[],"class_list":["post-1154","post","type-post","status-publish","format-standard","hentry","category-canciones"],"_links":{"self":[{"href":"https:\/\/perdiendo.org\/museodemetralla\/index.php?rest_route=\/wp\/v2\/posts\/1154","targetHints":{"allow":["GET"]}}],"collection":[{"href":"https:\/\/perdiendo.org\/museodemetralla\/index.php?rest_route=\/wp\/v2\/posts"}],"about":[{"href":"https:\/\/perdiendo.org\/museodemetralla\/index.php?rest_route=\/wp\/v2\/types\/post"}],"author":[{"embeddable":true,"href":"https:\/\/perdiendo.org\/museodemetralla\/index.php?rest_route=\/wp\/v2\/users\/1"}],"replies":[{"embeddable":true,"href":"https:\/\/perdiendo.org\/museodemetralla\/index.php?rest_route=%2Fwp%2Fv2%2Fcomments&post=1154"}],"version-history":[{"count":0,"href":"https:\/\/perdiendo.org\/museodemetralla\/index.php?rest_route=\/wp\/v2\/posts\/1154\/revisions"}],"wp:attachment":[{"href":"https:\/\/perdiendo.org\/museodemetralla\/index.php?rest_route=%2Fwp%2Fv2%2Fmedia&parent=1154"}],"wp:term":[{"taxonomy":"category","embeddable":true,"href":"https:\/\/perdiendo.org\/museodemetralla\/index.php?rest_route=%2Fwp%2Fv2%2Fcategories&post=1154"},{"taxonomy":"post_tag","embeddable":true,"href":"https:\/\/perdiendo.org\/museodemetralla\/index.php?rest_route=%2Fwp%2Fv2%2Ftags&post=1154"}],"curies":[{"name":"wp","href":"https:\/\/api.w.org\/{rel}","templated":true}]}}