{"id":1152,"date":"2006-02-13T22:21:09","date_gmt":"2006-02-13T20:21:09","guid":{"rendered":"http:\/\/www.perdiendo.org\/museodemetralla\/?p=1152"},"modified":"2006-02-13T22:21:09","modified_gmt":"2006-02-13T20:21:09","slug":"el-asunto-de-los-ojos","status":"publish","type":"post","link":"https:\/\/perdiendo.org\/museodemetralla\/?p=1152","title":{"rendered":"el asunto de los ojos"},"content":{"rendered":"<p><img decoding=\"async\" src=\"wp-content\/uploads\/2006\/02\/Imagen024.jpg\" width=\"100%\" \/><\/p>\n<p>Si tuvieran la mitad de ojos que nosotros<br \/>\nno tendr\u00edamos que andar esperando migajas.<br \/>\nSi tuvieran alguna esperanza de ser algo<br \/>\nno mostrar\u00edan tanto empe\u00f1o en justificarse.<br \/>\nNo, no soy idiota. No es que el mundo nos odie.<br \/>\nEs que no tiene ni puta idea de que estamos aqu\u00ed.<br \/>\nNo van en contra nuestra.<br \/>\nEs que no aparecemos en ninguna parte. No nos ven al ir a comprar el pan.<br \/>\nNo nos ven en el supermercado del barrio. No nos ven en el ambulatorio<br \/>\npidiendo por un poco de algo que nos salve de esto.<\/p>\n<p>No es que no estemos,<br \/>\nes que siempre pueden mirar a otro lado. <\/p>\n<p>A veces nos da por gritar, y nos ven un segundo.<br \/>\nDespu\u00e9s vuelven a su vida y hemos sido s\u00f3lo un peque\u00f1o susto. <\/p>\n<p>A veces llevamos pancartas,<br \/>\ny salimos por el televisor.<br \/>\nEntonces nos conceden algo de cr\u00e9dito<br \/>\nhasta la publicidad. <\/p>\n<p>Hay gente en la puerta de sus hiper pidiendo un pavo por llevarles las bolsas.<br \/>\nPero prefieren cargar con ellas.<\/p>\n<p>Evidentemente, yo a\u00fan, tiempo al tiempo, no he estado en esta situaci\u00f3n.<br \/>\nTodo se andar\u00e1, estoy progresando.<br \/>\nHace tiempo que no voy al trabajo.<br \/>\nHace tiempo que no pago mis impuestos.<br \/>\nHace tiempo que no sonr\u00edo a las abuelas en el sem\u00e1foro.<br \/>\nLas abuelas me caen bien, pero no soporto el mundo. <\/p>\n<p>Un incompetente s\u00f3lo quiere una mesa con un caf\u00e9 encima.<br \/>\nY se siente bien. No le hace falta m\u00e1s. Despu\u00e9s, justo despu\u00e9s, se enamora de s\u00ed mismo,<br \/>\ny no hay quien le d\u00e9 los buenos d\u00edas que no le quiero dar. <\/p>\n<p>En realidad, pagarlo con las abuelas<br \/>\nes de una estupidez apabullante.<br \/>\nPero no puedo hacer otra cosa.<\/p>\n<p>Me dejo el pelo largo, desgre\u00f1ado,<br \/>\ny se lo toman como un asunto est\u00e9tico.<br \/>\nOtros dicen que quiero llamar la atenci\u00f3n.<br \/>\nNi los unos ni los otros se dan cuenta de que ya pas\u00e9 cualquier fase.<br \/>\nQue estoy encima y debajo y al lado de todo.<br \/>\nQue s\u00f3lo quiero un cigarro y mirarles pasar cuando atardece.<br \/>\nQue lo dem\u00e1s me da soberanamente igual, y me aburre soberanamente.<br \/>\nQue reconozco que me han vencido en una batalla que s\u00f3lo<br \/>\nde adolescente quise librar.<br \/>\nCuando pensaba que pod\u00eda cambiar el mundo.<br \/>\nCuando pensaba que su mundo pod\u00eda cambiar.<\/p>\n<p>Despu\u00e9s de mucho tiempo,<br \/>\nme quedo con la mejor de sus creaciones.<br \/>\nLa cerveza, el tabaco, mi ordenador que escribe cuando se lo mando. <\/p>\n<p>El resto me es igual.<br \/>\nEl resto me da igual. <\/p>\n<p>S\u00f3lo si tuvieran ojos t\u00fa y yo estar\u00edamos aqu\u00ed por gusto. <\/p>\n","protected":false},"excerpt":{"rendered":"<p>Si tuvieran la mitad de ojos que nosotros no tendr\u00edamos que andar esperando migajas. Si tuvieran alguna esperanza de ser algo no mostrar\u00edan tanto empe\u00f1o en justificarse. No, no soy idiota. No es que el mundo nos odie. Es que no tiene ni puta idea de que estamos aqu\u00ed. No van en contra nuestra. Es [&hellip;]<\/p>\n","protected":false},"author":1,"featured_media":0,"comment_status":"open","ping_status":"open","sticky":false,"template":"","format":"standard","meta":{"footnotes":""},"categories":[6],"tags":[],"class_list":["post-1152","post","type-post","status-publish","format-standard","hentry","category-poemas"],"_links":{"self":[{"href":"https:\/\/perdiendo.org\/museodemetralla\/index.php?rest_route=\/wp\/v2\/posts\/1152","targetHints":{"allow":["GET"]}}],"collection":[{"href":"https:\/\/perdiendo.org\/museodemetralla\/index.php?rest_route=\/wp\/v2\/posts"}],"about":[{"href":"https:\/\/perdiendo.org\/museodemetralla\/index.php?rest_route=\/wp\/v2\/types\/post"}],"author":[{"embeddable":true,"href":"https:\/\/perdiendo.org\/museodemetralla\/index.php?rest_route=\/wp\/v2\/users\/1"}],"replies":[{"embeddable":true,"href":"https:\/\/perdiendo.org\/museodemetralla\/index.php?rest_route=%2Fwp%2Fv2%2Fcomments&post=1152"}],"version-history":[{"count":0,"href":"https:\/\/perdiendo.org\/museodemetralla\/index.php?rest_route=\/wp\/v2\/posts\/1152\/revisions"}],"wp:attachment":[{"href":"https:\/\/perdiendo.org\/museodemetralla\/index.php?rest_route=%2Fwp%2Fv2%2Fmedia&parent=1152"}],"wp:term":[{"taxonomy":"category","embeddable":true,"href":"https:\/\/perdiendo.org\/museodemetralla\/index.php?rest_route=%2Fwp%2Fv2%2Fcategories&post=1152"},{"taxonomy":"post_tag","embeddable":true,"href":"https:\/\/perdiendo.org\/museodemetralla\/index.php?rest_route=%2Fwp%2Fv2%2Ftags&post=1152"}],"curies":[{"name":"wp","href":"https:\/\/api.w.org\/{rel}","templated":true}]}}