{"id":1151,"date":"2006-02-11T19:53:35","date_gmt":"2006-02-11T17:53:35","guid":{"rendered":"http:\/\/www.perdiendo.org\/museodemetralla\/?p=1151"},"modified":"2006-02-11T19:53:35","modified_gmt":"2006-02-11T17:53:35","slug":"sin-webcam-en-ubuntu","status":"publish","type":"post","link":"https:\/\/perdiendo.org\/museodemetralla\/?p=1151","title":{"rendered":"sin webcam en ubuntu"},"content":{"rendered":"<p>Bueno, pues seguimos sin webcam. Supongo que todo viene por algo que hice antes de empezar a comprender nada. Ahora comprendo poco, pero algo.<\/p>\n<p>A\u00fan as\u00ed, los enlaces m\u00e1s interesantes para solucionar lo de la c\u00e1mara son <a href=\"https:\/\/wiki.ubuntu.com\/Webcam\">easycam<\/a>  para la instalaci\u00f3n autom\u00e1tica (aunque est\u00e1 en franc\u00e9s), donde todo se supone que deber\u00eda ir como la seda, el de los pasos de <a href=\"http:\/\/www.ubuntuforums.org\/showthread.php?t=75284&#038;highlight=webcam\">arnieboy<\/a> para instalar del tir\u00f3n c\u00e1maras con chipset ICM532 (aunque est\u00e1 en ingl\u00e9s), y sobre todo el de <a href=\"http:\/\/mmendes.jb0.org\/blog\/?p=6\">square root<\/a>, que soluciona el problema de d\u00f3nde coloca ubuntu al compilar el m\u00f3dulo spca5xx (aunque est\u00e1 en brasile\u00f1o).<\/p>\n<p>Me estoy dando cuenta de que quiz\u00e1 no estoy consiguiendo configurar mi webcam, pero idiomas estoy aprendiendo a marchas forzadas. Alg\u00fan d\u00eda.<\/p>\n","protected":false},"excerpt":{"rendered":"<p>Bueno, pues seguimos sin webcam. Supongo que todo viene por algo que hice antes de empezar a comprender nada. Ahora comprendo poco, pero algo. A\u00fan as\u00ed, los enlaces m\u00e1s interesantes para solucionar lo de la c\u00e1mara son easycam para la instalaci\u00f3n autom\u00e1tica (aunque est\u00e1 en franc\u00e9s), donde todo se supone que deber\u00eda ir como la [&hellip;]<\/p>\n","protected":false},"author":1,"featured_media":0,"comment_status":"open","ping_status":"open","sticky":false,"template":"","format":"standard","meta":{"footnotes":""},"categories":[3],"tags":[],"class_list":["post-1151","post","type-post","status-publish","format-standard","hentry","category-perdiendo"],"_links":{"self":[{"href":"https:\/\/perdiendo.org\/museodemetralla\/index.php?rest_route=\/wp\/v2\/posts\/1151","targetHints":{"allow":["GET"]}}],"collection":[{"href":"https:\/\/perdiendo.org\/museodemetralla\/index.php?rest_route=\/wp\/v2\/posts"}],"about":[{"href":"https:\/\/perdiendo.org\/museodemetralla\/index.php?rest_route=\/wp\/v2\/types\/post"}],"author":[{"embeddable":true,"href":"https:\/\/perdiendo.org\/museodemetralla\/index.php?rest_route=\/wp\/v2\/users\/1"}],"replies":[{"embeddable":true,"href":"https:\/\/perdiendo.org\/museodemetralla\/index.php?rest_route=%2Fwp%2Fv2%2Fcomments&post=1151"}],"version-history":[{"count":0,"href":"https:\/\/perdiendo.org\/museodemetralla\/index.php?rest_route=\/wp\/v2\/posts\/1151\/revisions"}],"wp:attachment":[{"href":"https:\/\/perdiendo.org\/museodemetralla\/index.php?rest_route=%2Fwp%2Fv2%2Fmedia&parent=1151"}],"wp:term":[{"taxonomy":"category","embeddable":true,"href":"https:\/\/perdiendo.org\/museodemetralla\/index.php?rest_route=%2Fwp%2Fv2%2Fcategories&post=1151"},{"taxonomy":"post_tag","embeddable":true,"href":"https:\/\/perdiendo.org\/museodemetralla\/index.php?rest_route=%2Fwp%2Fv2%2Ftags&post=1151"}],"curies":[{"name":"wp","href":"https:\/\/api.w.org\/{rel}","templated":true}]}}