{"id":10895,"date":"2022-01-12T21:30:03","date_gmt":"2022-01-12T20:30:03","guid":{"rendered":"https:\/\/perdiendo.org\/museodemetralla\/?p=10895"},"modified":"2022-01-14T16:18:04","modified_gmt":"2022-01-14T15:18:04","slug":"cada-dia-2","status":"publish","type":"post","link":"https:\/\/perdiendo.org\/museodemetralla\/?p=10895","title":{"rendered":"cada d\u00eda"},"content":{"rendered":"<audio class=\"wp-audio-shortcode\" id=\"audio-10895-1\" preload=\"none\" style=\"width: 100%;\" controls=\"controls\"><source type=\"audio\/mpeg\" src=\"https:\/\/perdiendo.org\/museodemetralla\/wp-content\/uploads\/2022\/01\/cada-dia.mp3?_=1\" \/><a href=\"https:\/\/perdiendo.org\/museodemetralla\/wp-content\/uploads\/2022\/01\/cada-dia.mp3\">https:\/\/perdiendo.org\/museodemetralla\/wp-content\/uploads\/2022\/01\/cada-dia.mp3<\/a><\/audio>\n<h2>the cosa<\/h2>\n<p>Hoy mi compa del curro me ha contado una historia horrible de un colega que lleva dos a\u00f1os en paro. Y me ha dejado roto. Rot\u00edsimo.<\/p>\n<h2>acordes<\/h2>\n<p>C G (2)<br \/>\nF C<br \/>\nF a G F<\/p>\n<p>F a<br \/>\nF a G F<\/p>\n<h2>letra<\/h2>\n<p>Me levanto cada d\u00eda intentando no ser peor<br \/>\ndisfrazado de domingo, acojonado en mi pantal\u00f3n<br \/>\nlas cosas que se dicen no siempre est\u00e1n bien<br \/>\nlas cosas que se callan tienen costumbre de volver y volver&#8230;<\/p>\n<p>Me levanto cada d\u00eda, eso creo hacerlo bien<br \/>\ncon la sonrisa del domingo, en la piel del ganador<br \/>\nlas cosas que se callan no siempre est\u00e1n mal<br \/>\nlas cosas que se dicen tienen costumbre de volver y volver&#8230;<\/p>\n<p>te digo sol, no, sol, no queda sol<br \/>\nte digo sol, no, sol, no queda sol, no puedo respirar<br \/>\nte digo sol, no, sol, no queda sol<br \/>\nte digo sol, no sol, no queda sol, es que no puedo respirar<\/p>\n<p>Me levanto cada d\u00eda desde hace dos a\u00f1os ya<br \/>\nd\u00eda a d\u00eda cada d\u00eda, d\u00eda a d\u00eda todo sigue igual<br \/>\nlas cosas que me dices no parecen de verdad<br \/>\nlas cosas que te callas acostumbran tarde o temprano a explotar<\/p>\n<p>Me levanto cada d\u00eda intentando no ser a\u00fan peor<br \/>\ndisfrazado de ninguno, boqueando como un pez<br \/>\nlas cosas que te callas nos respiran a los dos<br \/>\nlas cosas que me dices suenan tan huecas que no podr\u00e1n m\u00e1s que volver<\/p>\n<p>te digo sol, no, sol, no queda sol<br \/>\nte digo sol, no, sol, no queda sol, no podemos respirar<br \/>\nte digo sol, no, sol, no queda sol<br \/>\nte digo sol, no sol, me dices despacio &quot;vamos a desayunar&quot;<\/p>\n<p>y aunque todo es lo mismo nada es igual<br \/>\nF F G C<\/p>\n","protected":false},"excerpt":{"rendered":"<p>https:\/\/perdiendo.org\/museodemetralla\/wp-content\/uploads\/2022\/01\/cada-dia.mp3 the cosa Hoy mi compa del curro me ha contado una historia horrible de un colega que lleva dos a\u00f1os en paro. Y me ha dejado roto. Rot\u00edsimo. acordes C G (2) F C F a G F F a F a G F letra Me levanto cada d\u00eda intentando no ser peor disfrazado [&hellip;]<\/p>\n","protected":false},"author":1,"featured_media":0,"comment_status":"open","ping_status":"open","sticky":false,"template":"","format":"standard","meta":{"footnotes":""},"categories":[9],"tags":[],"class_list":["post-10895","post","type-post","status-publish","format-standard","hentry","category-canciones"],"_links":{"self":[{"href":"https:\/\/perdiendo.org\/museodemetralla\/index.php?rest_route=\/wp\/v2\/posts\/10895","targetHints":{"allow":["GET"]}}],"collection":[{"href":"https:\/\/perdiendo.org\/museodemetralla\/index.php?rest_route=\/wp\/v2\/posts"}],"about":[{"href":"https:\/\/perdiendo.org\/museodemetralla\/index.php?rest_route=\/wp\/v2\/types\/post"}],"author":[{"embeddable":true,"href":"https:\/\/perdiendo.org\/museodemetralla\/index.php?rest_route=\/wp\/v2\/users\/1"}],"replies":[{"embeddable":true,"href":"https:\/\/perdiendo.org\/museodemetralla\/index.php?rest_route=%2Fwp%2Fv2%2Fcomments&post=10895"}],"version-history":[{"count":0,"href":"https:\/\/perdiendo.org\/museodemetralla\/index.php?rest_route=\/wp\/v2\/posts\/10895\/revisions"}],"wp:attachment":[{"href":"https:\/\/perdiendo.org\/museodemetralla\/index.php?rest_route=%2Fwp%2Fv2%2Fmedia&parent=10895"}],"wp:term":[{"taxonomy":"category","embeddable":true,"href":"https:\/\/perdiendo.org\/museodemetralla\/index.php?rest_route=%2Fwp%2Fv2%2Fcategories&post=10895"},{"taxonomy":"post_tag","embeddable":true,"href":"https:\/\/perdiendo.org\/museodemetralla\/index.php?rest_route=%2Fwp%2Fv2%2Ftags&post=10895"}],"curies":[{"name":"wp","href":"https:\/\/api.w.org\/{rel}","templated":true}]}}