{"id":10891,"date":"2022-01-12T09:12:15","date_gmt":"2022-01-12T08:12:15","guid":{"rendered":"https:\/\/perdiendo.org\/museodemetralla\/?p=10891"},"modified":"2022-01-12T09:12:54","modified_gmt":"2022-01-12T08:12:54","slug":"la-de-todos-en-la-que-algunos-comunican","status":"publish","type":"post","link":"https:\/\/perdiendo.org\/museodemetralla\/?p=10891","title":{"rendered":"la de todos en la que algunos comunican"},"content":{"rendered":"<p>Alguien que es capaz de decir &quot;no sabe distinguir entre la actividad ministerial y el activismo&quot; es alguien que no es capaz de darse cuenta de que est\u00e1 asumiendo sus ideas como lo normal y las distintas como excentricidades que hay que mantener aparte. Que haya un tontuliano as\u00ed en el debate de radio nacional es perfecto, que lo sean todos manda se\u00f1ales inequ\u00edvocas. <\/p>\n<p>Todo esto todav\u00eda a vueltas con la ganader\u00eda intensiva, entre negar lo que realmente se dijo incluso con el texto delante y negar lo obvio. La verdad no le interesa a casi nadie, ya ni como arma arrojadiza.<\/p>\n","protected":false},"excerpt":{"rendered":"<p>Alguien que es capaz de decir &quot;no sabe distinguir entre la actividad ministerial y el activismo&quot; es alguien que no es capaz de darse cuenta de que est\u00e1 asumiendo sus ideas como lo normal y las distintas como excentricidades que hay que mantener aparte. Que haya un tontuliano as\u00ed en el debate de radio nacional [&hellip;]<\/p>\n","protected":false},"author":1,"featured_media":0,"comment_status":"open","ping_status":"open","sticky":false,"template":"","format":"standard","meta":{"footnotes":""},"categories":[3],"tags":[],"class_list":["post-10891","post","type-post","status-publish","format-standard","hentry","category-perdiendo"],"_links":{"self":[{"href":"https:\/\/perdiendo.org\/museodemetralla\/index.php?rest_route=\/wp\/v2\/posts\/10891","targetHints":{"allow":["GET"]}}],"collection":[{"href":"https:\/\/perdiendo.org\/museodemetralla\/index.php?rest_route=\/wp\/v2\/posts"}],"about":[{"href":"https:\/\/perdiendo.org\/museodemetralla\/index.php?rest_route=\/wp\/v2\/types\/post"}],"author":[{"embeddable":true,"href":"https:\/\/perdiendo.org\/museodemetralla\/index.php?rest_route=\/wp\/v2\/users\/1"}],"replies":[{"embeddable":true,"href":"https:\/\/perdiendo.org\/museodemetralla\/index.php?rest_route=%2Fwp%2Fv2%2Fcomments&post=10891"}],"version-history":[{"count":0,"href":"https:\/\/perdiendo.org\/museodemetralla\/index.php?rest_route=\/wp\/v2\/posts\/10891\/revisions"}],"wp:attachment":[{"href":"https:\/\/perdiendo.org\/museodemetralla\/index.php?rest_route=%2Fwp%2Fv2%2Fmedia&parent=10891"}],"wp:term":[{"taxonomy":"category","embeddable":true,"href":"https:\/\/perdiendo.org\/museodemetralla\/index.php?rest_route=%2Fwp%2Fv2%2Fcategories&post=10891"},{"taxonomy":"post_tag","embeddable":true,"href":"https:\/\/perdiendo.org\/museodemetralla\/index.php?rest_route=%2Fwp%2Fv2%2Ftags&post=10891"}],"curies":[{"name":"wp","href":"https:\/\/api.w.org\/{rel}","templated":true}]}}