{"id":10679,"date":"2021-05-04T09:39:39","date_gmt":"2021-05-04T07:39:39","guid":{"rendered":"https:\/\/perdiendo.org\/museodemetralla\/?p=10679"},"modified":"2021-05-04T09:39:39","modified_gmt":"2021-05-04T07:39:39","slug":"el-dia-de-elegir","status":"publish","type":"post","link":"https:\/\/perdiendo.org\/museodemetralla\/?p=10679","title":{"rendered":"el d\u00eda de elegir"},"content":{"rendered":"<p>Hoy es un d\u00eda importante pero no quiero pas\u00e1rmelo sufriendo delante del ordenador, as\u00ed que me ir\u00e9 a caminar con twitch puesto, a ver si el asma tapa el otro.<\/p>\n<p>A la gente no le interesa la verdad, s\u00f3lo expresar el grupo al que siente que pertenece. Da igual que Ayuso apenas sea capaz de hablar \u2014o que haya afirmado que no tiene ning\u00fan problema en gobernar con los golpestados de Vox, lo de no medicalizar las residencias, que el abrir m\u00e1s no ha supuesto siquiera recuperarse mejor econ\u00f3micamente\u2014, ha sabido dibujar mejor que nadie el grupo al que la mayor\u00eda quiere pertenecer, y \u00e9ste es lo que somos si no nos damos una vuelta: interesados, ego\u00edstas, malcriados, excluyentes. Al fin y al cabo estamos hechos para amar a los nuestros y odiar a los dem\u00e1s. Ojo, no ignorar, porque ignorarlos puede suponer que sean oposici\u00f3n ma\u00f1ana, estamos dise\u00f1ados para odiarlos y hundirlos lo m\u00e1s que podamos.<\/p>\n<p>Pero estar dise\u00f1ado para no significa estar absolutamente condicionado. Lo malo es que cuando aparece alguien que habla justo de la clase de barbaridades que est\u00e1s sintiendo como algo normal, justo y positivo, pues no se hable m\u00e1s. La banca gana. Perdemos todos los dem\u00e1s.<\/p>\n<p>Por favor, d\u00e9mosle una vuelta, una cortita aunque sea.<\/p>\n","protected":false},"excerpt":{"rendered":"<p>Hoy es un d\u00eda importante pero no quiero pas\u00e1rmelo sufriendo delante del ordenador, as\u00ed que me ir\u00e9 a caminar con twitch puesto, a ver si el asma tapa el otro. A la gente no le interesa la verdad, s\u00f3lo expresar el grupo al que siente que pertenece. Da igual que Ayuso apenas sea capaz de [&hellip;]<\/p>\n","protected":false},"author":1,"featured_media":0,"comment_status":"open","ping_status":"open","sticky":false,"template":"","format":"standard","meta":{"footnotes":""},"categories":[3],"tags":[],"class_list":["post-10679","post","type-post","status-publish","format-standard","hentry","category-perdiendo"],"_links":{"self":[{"href":"https:\/\/perdiendo.org\/museodemetralla\/index.php?rest_route=\/wp\/v2\/posts\/10679","targetHints":{"allow":["GET"]}}],"collection":[{"href":"https:\/\/perdiendo.org\/museodemetralla\/index.php?rest_route=\/wp\/v2\/posts"}],"about":[{"href":"https:\/\/perdiendo.org\/museodemetralla\/index.php?rest_route=\/wp\/v2\/types\/post"}],"author":[{"embeddable":true,"href":"https:\/\/perdiendo.org\/museodemetralla\/index.php?rest_route=\/wp\/v2\/users\/1"}],"replies":[{"embeddable":true,"href":"https:\/\/perdiendo.org\/museodemetralla\/index.php?rest_route=%2Fwp%2Fv2%2Fcomments&post=10679"}],"version-history":[{"count":0,"href":"https:\/\/perdiendo.org\/museodemetralla\/index.php?rest_route=\/wp\/v2\/posts\/10679\/revisions"}],"wp:attachment":[{"href":"https:\/\/perdiendo.org\/museodemetralla\/index.php?rest_route=%2Fwp%2Fv2%2Fmedia&parent=10679"}],"wp:term":[{"taxonomy":"category","embeddable":true,"href":"https:\/\/perdiendo.org\/museodemetralla\/index.php?rest_route=%2Fwp%2Fv2%2Fcategories&post=10679"},{"taxonomy":"post_tag","embeddable":true,"href":"https:\/\/perdiendo.org\/museodemetralla\/index.php?rest_route=%2Fwp%2Fv2%2Ftags&post=10679"}],"curies":[{"name":"wp","href":"https:\/\/api.w.org\/{rel}","templated":true}]}}