{"id":1037,"date":"2005-11-08T02:36:33","date_gmt":"1969-12-31T21:59:59","guid":{"rendered":"http:\/\/www.perdiendo.org\/museodemetralla\/?p=1037"},"modified":"2019-03-18T19:48:44","modified_gmt":"2019-03-18T18:48:44","slug":"no-me-importa","status":"publish","type":"post","link":"https:\/\/perdiendo.org\/museodemetralla\/?p=1037","title":{"rendered":"no me importa"},"content":{"rendered":"<audio class=\"wp-audio-shortcode\" id=\"audio-1037-1\" preload=\"none\" style=\"width: 100%;\" controls=\"controls\"><source type=\"audio\/mpeg\" src=\"https:\/\/perdiendo.org\/museodemetralla\/wp-content\/uploads\/2017\/11\/loquenofui.mp3?_=1\" \/><a href=\"https:\/\/perdiendo.org\/museodemetralla\/wp-content\/uploads\/2017\/11\/loquenofui.mp3\">https:\/\/perdiendo.org\/museodemetralla\/wp-content\/uploads\/2017\/11\/loquenofui.mp3<\/a><\/audio>\n<p><a href=\"wp-content\/uploads\/2017\/11\/loquenofui.mp3\">|Descarga|<\/a><\/p>\n<p>Encadenado en un abrazo dej\u00e9 mi coraz\u00f3n,<br \/>\nperdido en mil semanas sin hacer la digesti\u00f3n.<br \/>\nHablaba a todas horas sin tener qu\u00e9 decir,<br \/>\nme perd\u00eda en tantas cosas que me duele re\u00edr.<\/p>\n<p>Abandonado por mis nadas hice un bar para ti,<br \/>\nun mar de hielo y plata nacido en abril,<br \/>\ncaracoles de colores espantaban el sol,<br \/>\nall\u00ed fue siempre de noche s\u00f3lo para ti.<\/p>\n<p>Y no me importa que perdiera todo lo que no fui,<br \/>\ndej\u00e9 atr\u00e1s tantas cosas que ahora vuelvo a re\u00edr,<br \/>\ny no me importa si en tus ojos veo un pedazo de m\u00ed,<br \/>\nall\u00ed estoy bien a gusto, todo para ti.<\/p>\n<p>Encadenado en un abrazo tengo mi coraz\u00f3n,<br \/>\nme pega largas charlas en mi habitaci\u00f3n.<br \/>\nSentados junto al fuego, con un poco de ron,<br \/>\nquedamos tan amigos hasta que sale el sol.<\/p>\n<p>No me importa si no existo ni me importa existir,<br \/>\nme importa ver tus ojos clavados en m\u00ed.<br \/>\nY al mundo que le jodan, nunca se preocup\u00f3,<br \/>\nme lanz\u00f3 en una maleta a mi habitaci\u00f3n.<\/p>\n<p>Y no me importa que perdiera todo lo que no fui,<br \/>\ndej\u00e9 atr\u00e1s tantas cosas que ahora vuelvo a re\u00edr,<br \/>\ny no me importa si en tus ojos veo un pedazo de m\u00ed,<br \/>\nall\u00ed estoy bien a gusto, todo para ti.<\/p>\n","protected":false},"excerpt":{"rendered":"<p>https:\/\/perdiendo.org\/museodemetralla\/wp-content\/uploads\/2017\/11\/loquenofui.mp3 |Descarga| Encadenado en un abrazo dej\u00e9 mi coraz\u00f3n, perdido en mil semanas sin hacer la digesti\u00f3n. Hablaba a todas horas sin tener qu\u00e9 decir, me perd\u00eda en tantas cosas que me duele re\u00edr. Abandonado por mis nadas hice un bar para ti, un mar de hielo y plata nacido en abril, caracoles de colores [&hellip;]<\/p>\n","protected":false},"author":1,"featured_media":0,"comment_status":"open","ping_status":"open","sticky":false,"template":"","format":"standard","meta":{"footnotes":""},"categories":[9],"tags":[],"class_list":["post-1037","post","type-post","status-publish","format-standard","hentry","category-canciones"],"_links":{"self":[{"href":"https:\/\/perdiendo.org\/museodemetralla\/index.php?rest_route=\/wp\/v2\/posts\/1037","targetHints":{"allow":["GET"]}}],"collection":[{"href":"https:\/\/perdiendo.org\/museodemetralla\/index.php?rest_route=\/wp\/v2\/posts"}],"about":[{"href":"https:\/\/perdiendo.org\/museodemetralla\/index.php?rest_route=\/wp\/v2\/types\/post"}],"author":[{"embeddable":true,"href":"https:\/\/perdiendo.org\/museodemetralla\/index.php?rest_route=\/wp\/v2\/users\/1"}],"replies":[{"embeddable":true,"href":"https:\/\/perdiendo.org\/museodemetralla\/index.php?rest_route=%2Fwp%2Fv2%2Fcomments&post=1037"}],"version-history":[{"count":0,"href":"https:\/\/perdiendo.org\/museodemetralla\/index.php?rest_route=\/wp\/v2\/posts\/1037\/revisions"}],"wp:attachment":[{"href":"https:\/\/perdiendo.org\/museodemetralla\/index.php?rest_route=%2Fwp%2Fv2%2Fmedia&parent=1037"}],"wp:term":[{"taxonomy":"category","embeddable":true,"href":"https:\/\/perdiendo.org\/museodemetralla\/index.php?rest_route=%2Fwp%2Fv2%2Fcategories&post=1037"},{"taxonomy":"post_tag","embeddable":true,"href":"https:\/\/perdiendo.org\/museodemetralla\/index.php?rest_route=%2Fwp%2Fv2%2Ftags&post=1037"}],"curies":[{"name":"wp","href":"https:\/\/api.w.org\/{rel}","templated":true}]}}